{"id":51,"date":"2013-10-17T16:54:19","date_gmt":"2013-10-17T13:54:19","guid":{"rendered":"http:\/\/www.limbistraine.eu\/wordpress\/?p=51"},"modified":"2017-06-22T11:58:22","modified_gmt":"2017-06-22T08:58:22","slug":"konjunktiv-ii-limba-germana","status":"publish","type":"post","link":"https:\/\/www.limbistraine.eu\/wordpress\/limba-germana\/konjunktiv-ii-limba-germana","title":{"rendered":"Konjunktiv II in Limba Germana"},"content":{"rendered":"<p><strong>Modul Konjunktiv II<\/strong> (Conjunctiv 2) este in general considerat dificil de catre cei care urmeaza <a title=\"curs limba germana\" href=\"http:\/\/www.limbistraine.eu\/curs-limba-germana.php\">cursurile de Limba Germana.<\/a><\/p>\n<p>Voi incerca in acest scurt articol sa explic intr-un mod structurat, simplificat, cum se formeaza <strong>Konjunctiv II in Limba Germana.<\/strong><\/p>\n<p>Dupa cum stim modul Konjuctiv II se foloseste pentru exprimarea unor actiuni posibile din lumea ireala (parasim lumea reala si ne aflam in lumea imaginatiei, lumea ireala).<\/p>\n<p>&nbsp;<\/p>\n<p><strong>I. Pr\u00e4sens\u00a0 (Prezent)<\/strong><\/p>\n<p><strong>1.<\/strong><span style=\"color: #000080;\"> <strong>Regula formare:<\/strong> <em>w\u00fcrden (se conjuga corespunzator in functie de persoana) + infinitiv verb<\/em><\/span><\/p>\n<p>z.B.: <span style=\"color: #ff6600;\">Ich w\u00fcrde ihn fragen, wenn ich Mut h\u00e4tte. (L-as intreba daca as avea curaj).<\/span><\/p>\n<p><strong>2. <\/strong><span style=\"color: #000080;\"><strong>Regula formare:<\/strong> a) imperfect pentru verbe regulate sau b) imperfect + umlaut + terminatia de conjuctiv pentru cele neregulate<\/span><\/p>\n<p>z.B.<\/p>\n<p><strong>2.a)<\/strong><span style=\"color: #ff6600;\"> Ich fragte ihn, wenn ich Mut h\u00e4tte (L-as intreba daca as avea curaj).<\/span><\/p>\n<p><strong>2.b)<\/strong> <span style=\"color: #ff6600;\">Du l\u00e4sest das Buch, wenn Du Zeit h\u00e4ttest (Tu ai citi carte daca ai avea timp).<\/span><\/p>\n<p>Nu exista diferente notabile intre variantele 1, 2.a) si 2.b).<\/p>\n<p>Ca si exemplu suplimentar de folosire a formei <em>&#8220;imperfect + umlaut + terminatia de conjunctiv&#8221;<\/em> pentru verbe neregulate voi conjuga verbul <span style=\"color: #ff6600;\"><em>lesen (a citi)<\/em>.<\/span><\/p>\n<p>Forma de imperfect este <span style=\"color: #ff6600;\"><em>las<\/em><\/span>, iar conjugarea la Konkunctiv II este:<\/p>\n<p><span style=\"color: #ff6600;\">ich l\u00e4se (eu as citi)<\/span><\/p>\n<p><span style=\"color: #ff6600;\">du l\u00e4sest (tu ai citi)<\/span><\/p>\n<p><span style=\"color: #ff6600;\">er\/sie l\u00e4se (el ar citi)<\/span><\/p>\n<p><span style=\"color: #ff6600;\">wir l\u00e4sen (noi am citi)<\/span><\/p>\n<p><span style=\"color: #ff6600;\">ihr l\u00e4set (voi ati citi)<\/span><\/p>\n<p><span style=\"color: #ff6600;\">sie l\u00e4sen (ei ar citi)<\/span><\/p>\n<p>&nbsp;<\/p>\n<p>De la<em> forma 2.b)<\/em> exista 2 exceptii: <span style=\"color: #ff6600;\">helfen<\/span> si <span style=\"color: #ff6600;\">sterben<\/span>.<\/p>\n<p><strong>Nota:<\/strong> Daca pentru incepatori este dificila folosirea in vorbire a variantei 2.b) de Konkunktiv II atunci acestia pot folosi mereu varianta <em>1. (w\u00fcrden + infinitiv)<\/em><\/p>\n<p><strong>Verbele modale formeaza MEREU forma de Konjunktiv II astfel:<\/strong> <span style=\"color: #000080;\">d\u00fcrften, k\u00f6nnten, m\u00f6chten, m\u00fcssten, sollten<span style=\"color: #ff0000;\">*<\/span>, wollten<span style=\"color: #ff0000;\">*<\/span><\/span><\/p>\n<p><span style=\"color: #ff0000;\"><strong>*<\/strong><\/span>sollen si wollen sunt fara umluat.<\/p>\n<hr \/>\n<p>&nbsp;<\/p>\n<p><strong>\u00a0II. Vergangenhei (trecut)<\/strong><\/p>\n<p><span style=\"color: #000080;\"><strong>Regula formare:<\/strong> w\u00e4ren\u00a0 sau h\u00e4tten + participiu trecut verb.<\/span><\/p>\n<p>&nbsp;<\/p>\n<p><span style=\"color: #ff6600;\">z.B.: Ich w\u00e4re nach Hamburg fahren, wenn das Wetter sch\u00f6ner gewesen w\u00e4re (As fi mers la Hamburg daca vremea ar fi fost mai frumoasa).<\/span><\/p>\n<p><span style=\"color: #ff6600;\">Ich h\u00e4tte ein neus Handy gekauft (As fi cumparat un nou mobil).<\/span><\/p>\n<p><strong>Verbele modale<\/strong> formeaza <strong>Konjunktiv II trecut<\/strong> dupa urmatoarea<span style=\"color: #000080;\"><strong> regula de formare:<\/strong> h\u00e4tten + infinitiv verb + verb modal la infinitiv pe ultimul loc.<\/span><\/p>\n<p>Avem astfel de-a face un un dublu infinitiv.<\/p>\n<p><strong>Nota:<\/strong> se foloseste <em>h\u00e4tten<\/em>\u00a0 mereu (care se conjuga) chiar daca verbul este unul de miscare (ex: fahren, laufen etc).<\/p>\n<p><span style=\"color: #ff6600;\">z.B.: Ich h\u00e4tte nach M\u00fcnchen fahren d\u00fcrfen. (As fi avut voie sa conduc catre M\u00fcnchen)<\/span><\/p>\n<p>&nbsp;<\/p>\n<p>Cam acestea sunt cele mai importante aspecte la<strong> Konjunktivului II (2) in Limba Germana.<\/strong><\/p>\n<p>Va asteptam la<a href=\"http:\/\/www.limbistraine.eu\/curs-limba-germana.php\"> cursurile de limba germana colective sau individuale<\/a> acreditate de Ministerul Educatiei (ANC) pe care le organizam !<\/p>\n","protected":false},"excerpt":{"rendered":"<p>Modul Konjunktiv II (Conjunctiv 2) este in general considerat dificil de catre cei care urmeaza cursurile de Limba Germana. Voi incerca in acest scurt articol sa explic intr-un mod structurat, simplificat, cum se formeaza Konjunctiv II in Limba Germana. Dupa&hellip;<\/p>\n<p class=\"more-link-p\"><a class=\"more-link\" href=\"https:\/\/www.limbistraine.eu\/wordpress\/limba-germana\/konjunktiv-ii-limba-germana\">Read more &rarr;<\/a><\/p>\n","protected":false},"author":1,"featured_media":0,"comment_status":"open","ping_status":"closed","sticky":false,"template":"","format":"standard","meta":{"footnotes":""},"categories":[102,2],"tags":[],"class_list":["post-51","post","type-post","status-publish","format-standard","hentry","category-grammatik","category-limba-germana"],"yoast_head":"<!-- This site is optimized with the Yoast SEO plugin v27.2 - https:\/\/yoast.com\/product\/yoast-seo-wordpress\/ -->\n<title>Konjunktiv II in Limba Germana - Limbi Straine @ Crystal Mind<\/title>\n<meta name=\"description\" content=\"Konkunktiv II (2) in Limba Germana este un mod verbal prin care parasim lumea reala si intram in lumea ireala.\" \/>\n<meta name=\"robots\" content=\"index, follow, max-snippet:-1, max-image-preview:large, max-video-preview:-1\" \/>\n<link rel=\"canonical\" href=\"https:\/\/www.limbistraine.eu\/wordpress\/limba-germana\/konjunktiv-ii-limba-germana\" \/>\n<meta name=\"twitter:label1\" content=\"Written by\" \/>\n\t<meta name=\"twitter:data1\" content=\"crystalmind\" \/>\n\t<meta name=\"twitter:label2\" content=\"Est. reading time\" \/>\n\t<meta name=\"twitter:data2\" content=\"2 minutes\" \/>\n<script type=\"application\/ld+json\" class=\"yoast-schema-graph\">{\"@context\":\"https:\/\/schema.org\",\"@graph\":[{\"@type\":\"Article\",\"@id\":\"https:\/\/www.limbistraine.eu\/wordpress\/limba-germana\/konjunktiv-ii-limba-germana#article\",\"isPartOf\":{\"@id\":\"https:\/\/www.limbistraine.eu\/wordpress\/limba-germana\/konjunktiv-ii-limba-germana\"},\"author\":{\"name\":\"crystalmind\",\"@id\":\"https:\/\/www.limbistraine.eu\/wordpress\/#\/schema\/person\/4dd25b13ccb10af4992501f638b3fde1\"},\"headline\":\"Konjunktiv II in Limba Germana\",\"datePublished\":\"2013-10-17T13:54:19+00:00\",\"dateModified\":\"2017-06-22T08:58:22+00:00\",\"mainEntityOfPage\":{\"@id\":\"https:\/\/www.limbistraine.eu\/wordpress\/limba-germana\/konjunktiv-ii-limba-germana\"},\"wordCount\":456,\"commentCount\":0,\"articleSection\":[\"Grammatik\",\"Limba Germana\"],\"inLanguage\":\"en-US\",\"potentialAction\":[{\"@type\":\"CommentAction\",\"name\":\"Comment\",\"target\":[\"https:\/\/www.limbistraine.eu\/wordpress\/limba-germana\/konjunktiv-ii-limba-germana#respond\"]}]},{\"@type\":\"WebPage\",\"@id\":\"https:\/\/www.limbistraine.eu\/wordpress\/limba-germana\/konjunktiv-ii-limba-germana\",\"url\":\"https:\/\/www.limbistraine.eu\/wordpress\/limba-germana\/konjunktiv-ii-limba-germana\",\"name\":\"Konjunktiv II in Limba Germana - Limbi Straine @ Crystal Mind\",\"isPartOf\":{\"@id\":\"https:\/\/www.limbistraine.eu\/wordpress\/#website\"},\"datePublished\":\"2013-10-17T13:54:19+00:00\",\"dateModified\":\"2017-06-22T08:58:22+00:00\",\"author\":{\"@id\":\"https:\/\/www.limbistraine.eu\/wordpress\/#\/schema\/person\/4dd25b13ccb10af4992501f638b3fde1\"},\"description\":\"Konkunktiv II (2) in Limba Germana este un mod verbal prin care parasim lumea reala si intram in lumea ireala.\",\"breadcrumb\":{\"@id\":\"https:\/\/www.limbistraine.eu\/wordpress\/limba-germana\/konjunktiv-ii-limba-germana#breadcrumb\"},\"inLanguage\":\"en-US\",\"potentialAction\":[{\"@type\":\"ReadAction\",\"target\":[\"https:\/\/www.limbistraine.eu\/wordpress\/limba-germana\/konjunktiv-ii-limba-germana\"]}]},{\"@type\":\"BreadcrumbList\",\"@id\":\"https:\/\/www.limbistraine.eu\/wordpress\/limba-germana\/konjunktiv-ii-limba-germana#breadcrumb\",\"itemListElement\":[{\"@type\":\"ListItem\",\"position\":1,\"name\":\"Home\",\"item\":\"https:\/\/www.limbistraine.eu\/wordpress\"},{\"@type\":\"ListItem\",\"position\":2,\"name\":\"Konjunktiv II in Limba Germana\"}]},{\"@type\":\"WebSite\",\"@id\":\"https:\/\/www.limbistraine.eu\/wordpress\/#website\",\"url\":\"https:\/\/www.limbistraine.eu\/wordpress\/\",\"name\":\"Limbi Straine @ Crystal Mind\",\"description\":\"Cursuri Limbi Straine, Audit Lingvistic si Traduceri\",\"potentialAction\":[{\"@type\":\"SearchAction\",\"target\":{\"@type\":\"EntryPoint\",\"urlTemplate\":\"https:\/\/www.limbistraine.eu\/wordpress\/?s={search_term_string}\"},\"query-input\":{\"@type\":\"PropertyValueSpecification\",\"valueRequired\":true,\"valueName\":\"search_term_string\"}}],\"inLanguage\":\"en-US\"},{\"@type\":\"Person\",\"@id\":\"https:\/\/www.limbistraine.eu\/wordpress\/#\/schema\/person\/4dd25b13ccb10af4992501f638b3fde1\",\"name\":\"crystalmind\",\"image\":{\"@type\":\"ImageObject\",\"inLanguage\":\"en-US\",\"@id\":\"https:\/\/secure.gravatar.com\/avatar\/6f157850ce7af49336dfd31fd50f14546b9c1d1367aacb56ffde97aec8cb2b6d?s=96&d=mm&r=g\",\"url\":\"https:\/\/secure.gravatar.com\/avatar\/6f157850ce7af49336dfd31fd50f14546b9c1d1367aacb56ffde97aec8cb2b6d?s=96&d=mm&r=g\",\"contentUrl\":\"https:\/\/secure.gravatar.com\/avatar\/6f157850ce7af49336dfd31fd50f14546b9c1d1367aacb56ffde97aec8cb2b6d?s=96&d=mm&r=g\",\"caption\":\"crystalmind\"},\"sameAs\":[\"http:\/\/www.limbistraine.eu\",\"https:\/\/www.facebook.com\/limbistraine.crystalmind\"],\"url\":\"https:\/\/www.limbistraine.eu\/wordpress\/author\/admin-cma01\"}]}<\/script>\n<!-- \/ Yoast SEO plugin. -->","yoast_head_json":{"title":"Konjunktiv II in Limba Germana - Limbi Straine @ Crystal Mind","description":"Konkunktiv II (2) in Limba Germana este un mod verbal prin care parasim lumea reala si intram in lumea ireala.","robots":{"index":"index","follow":"follow","max-snippet":"max-snippet:-1","max-image-preview":"max-image-preview:large","max-video-preview":"max-video-preview:-1"},"canonical":"https:\/\/www.limbistraine.eu\/wordpress\/limba-germana\/konjunktiv-ii-limba-germana","twitter_misc":{"Written by":"crystalmind","Est. reading time":"2 minutes"},"schema":{"@context":"https:\/\/schema.org","@graph":[{"@type":"Article","@id":"https:\/\/www.limbistraine.eu\/wordpress\/limba-germana\/konjunktiv-ii-limba-germana#article","isPartOf":{"@id":"https:\/\/www.limbistraine.eu\/wordpress\/limba-germana\/konjunktiv-ii-limba-germana"},"author":{"name":"crystalmind","@id":"https:\/\/www.limbistraine.eu\/wordpress\/#\/schema\/person\/4dd25b13ccb10af4992501f638b3fde1"},"headline":"Konjunktiv II in Limba Germana","datePublished":"2013-10-17T13:54:19+00:00","dateModified":"2017-06-22T08:58:22+00:00","mainEntityOfPage":{"@id":"https:\/\/www.limbistraine.eu\/wordpress\/limba-germana\/konjunktiv-ii-limba-germana"},"wordCount":456,"commentCount":0,"articleSection":["Grammatik","Limba Germana"],"inLanguage":"en-US","potentialAction":[{"@type":"CommentAction","name":"Comment","target":["https:\/\/www.limbistraine.eu\/wordpress\/limba-germana\/konjunktiv-ii-limba-germana#respond"]}]},{"@type":"WebPage","@id":"https:\/\/www.limbistraine.eu\/wordpress\/limba-germana\/konjunktiv-ii-limba-germana","url":"https:\/\/www.limbistraine.eu\/wordpress\/limba-germana\/konjunktiv-ii-limba-germana","name":"Konjunktiv II in Limba Germana - Limbi Straine @ Crystal Mind","isPartOf":{"@id":"https:\/\/www.limbistraine.eu\/wordpress\/#website"},"datePublished":"2013-10-17T13:54:19+00:00","dateModified":"2017-06-22T08:58:22+00:00","author":{"@id":"https:\/\/www.limbistraine.eu\/wordpress\/#\/schema\/person\/4dd25b13ccb10af4992501f638b3fde1"},"description":"Konkunktiv II (2) in Limba Germana este un mod verbal prin care parasim lumea reala si intram in lumea ireala.","breadcrumb":{"@id":"https:\/\/www.limbistraine.eu\/wordpress\/limba-germana\/konjunktiv-ii-limba-germana#breadcrumb"},"inLanguage":"en-US","potentialAction":[{"@type":"ReadAction","target":["https:\/\/www.limbistraine.eu\/wordpress\/limba-germana\/konjunktiv-ii-limba-germana"]}]},{"@type":"BreadcrumbList","@id":"https:\/\/www.limbistraine.eu\/wordpress\/limba-germana\/konjunktiv-ii-limba-germana#breadcrumb","itemListElement":[{"@type":"ListItem","position":1,"name":"Home","item":"https:\/\/www.limbistraine.eu\/wordpress"},{"@type":"ListItem","position":2,"name":"Konjunktiv II in Limba Germana"}]},{"@type":"WebSite","@id":"https:\/\/www.limbistraine.eu\/wordpress\/#website","url":"https:\/\/www.limbistraine.eu\/wordpress\/","name":"Limbi Straine @ Crystal Mind","description":"Cursuri Limbi Straine, Audit Lingvistic si Traduceri","potentialAction":[{"@type":"SearchAction","target":{"@type":"EntryPoint","urlTemplate":"https:\/\/www.limbistraine.eu\/wordpress\/?s={search_term_string}"},"query-input":{"@type":"PropertyValueSpecification","valueRequired":true,"valueName":"search_term_string"}}],"inLanguage":"en-US"},{"@type":"Person","@id":"https:\/\/www.limbistraine.eu\/wordpress\/#\/schema\/person\/4dd25b13ccb10af4992501f638b3fde1","name":"crystalmind","image":{"@type":"ImageObject","inLanguage":"en-US","@id":"https:\/\/secure.gravatar.com\/avatar\/6f157850ce7af49336dfd31fd50f14546b9c1d1367aacb56ffde97aec8cb2b6d?s=96&d=mm&r=g","url":"https:\/\/secure.gravatar.com\/avatar\/6f157850ce7af49336dfd31fd50f14546b9c1d1367aacb56ffde97aec8cb2b6d?s=96&d=mm&r=g","contentUrl":"https:\/\/secure.gravatar.com\/avatar\/6f157850ce7af49336dfd31fd50f14546b9c1d1367aacb56ffde97aec8cb2b6d?s=96&d=mm&r=g","caption":"crystalmind"},"sameAs":["http:\/\/www.limbistraine.eu","https:\/\/www.facebook.com\/limbistraine.crystalmind"],"url":"https:\/\/www.limbistraine.eu\/wordpress\/author\/admin-cma01"}]}},"_links":{"self":[{"href":"https:\/\/www.limbistraine.eu\/wordpress\/wp-json\/wp\/v2\/posts\/51","targetHints":{"allow":["GET"]}}],"collection":[{"href":"https:\/\/www.limbistraine.eu\/wordpress\/wp-json\/wp\/v2\/posts"}],"about":[{"href":"https:\/\/www.limbistraine.eu\/wordpress\/wp-json\/wp\/v2\/types\/post"}],"author":[{"embeddable":true,"href":"https:\/\/www.limbistraine.eu\/wordpress\/wp-json\/wp\/v2\/users\/1"}],"replies":[{"embeddable":true,"href":"https:\/\/www.limbistraine.eu\/wordpress\/wp-json\/wp\/v2\/comments?post=51"}],"version-history":[{"count":9,"href":"https:\/\/www.limbistraine.eu\/wordpress\/wp-json\/wp\/v2\/posts\/51\/revisions"}],"predecessor-version":[{"id":1684,"href":"https:\/\/www.limbistraine.eu\/wordpress\/wp-json\/wp\/v2\/posts\/51\/revisions\/1684"}],"wp:attachment":[{"href":"https:\/\/www.limbistraine.eu\/wordpress\/wp-json\/wp\/v2\/media?parent=51"}],"wp:term":[{"taxonomy":"category","embeddable":true,"href":"https:\/\/www.limbistraine.eu\/wordpress\/wp-json\/wp\/v2\/categories?post=51"},{"taxonomy":"post_tag","embeddable":true,"href":"https:\/\/www.limbistraine.eu\/wordpress\/wp-json\/wp\/v2\/tags?post=51"}],"curies":[{"name":"wp","href":"https:\/\/api.w.org\/{rel}","templated":true}]}}