{"id":1611,"date":"2016-01-19T22:31:03","date_gmt":"2016-01-19T19:31:03","guid":{"rendered":"http:\/\/www.limbistraine.eu\/wordpress\/?p=1611"},"modified":"2016-01-19T22:31:03","modified_gmt":"2016-01-19T19:31:03","slug":"orar-sau-oral","status":"publish","type":"post","link":"https:\/\/www.limbistraine.eu\/wordpress\/limba-romana\/orar-sau-oral","title":{"rendered":"orar sau oral"},"content":{"rendered":"<p><span style=\"color: #808080;\">Ambele forme sunt corecte.<\/span><\/p>\n<p><span style=\"color: #808080;\">Se scrie <span style=\"color: #ff6600;\">&#8220;oral&#8221;<\/span>\u00a0 c\u00e2nd se refer\u0103 la vorbire, la gur\u0103.<br \/>\n<\/span><\/p>\n<p><span style=\"color: #808080;\"> Se scrie <span style=\"color: #ff6600;\">&#8220;orar&#8221;<\/span> c\u00e2nd se refer\u0103 la ore.<br \/>\n<\/span><\/p>\n<p>&nbsp;<\/p>\n<p><span style=\"color: #808080;\"><strong>Exemplu:<\/strong><\/span><\/p>\n<p><span style=\"color: #808080;\"><strong>Corect:<\/strong> Azi am dat examen <span style=\"color: #ff6600;\">oral<\/span> la englez\u0103. M\u00e2ine \u00eemi fac un <span style=\"color: #ff6600;\">orar<\/span> cu examenele pe care le mai am de dat.<strong><br \/>\n<\/strong><\/span><\/p>\n<p><span style=\"color: #808080;\"><strong>Gre\u0219it: <\/strong>Azi am dat examen <span style=\"color: #ff6600;\">orar<\/span> la englez\u0103. M\u00e2ine \u00eemi fac un oral cu examenele pe care le mai am de dat.<br \/>\n<\/span><\/p>\n<p>&nbsp;<\/p>\n<p><span style=\"color: #808080;\">Vino la <a style=\"color: #808080;\" href=\"http:\/\/www.limbistraine.eu\/curs-limba-romana.php\">cursul de limba rom\u00e2n\u0103<\/a> pentru adul\u021bi organizat de Crystal Mind dac\u0103 dore\u0219ti sa \u00ee\u021bi re\u00eemprospatezi cuno\u0219tin\u021bele de gramatic\u0103 \u0219i vocabular.<\/span><\/p>\n","protected":false},"excerpt":{"rendered":"<p>Ambele forme sunt corecte. Se scrie &#8220;oral&#8221;\u00a0 c\u00e2nd se refer\u0103 la vorbire, la gur\u0103. Se scrie &#8220;orar&#8221; c\u00e2nd se refer\u0103 la ore. &nbsp; Exemplu: Corect: Azi am dat examen oral la englez\u0103. M\u00e2ine \u00eemi fac un orar cu examenele pe&hellip;<\/p>\n<p class=\"more-link-p\"><a class=\"more-link\" href=\"https:\/\/www.limbistraine.eu\/wordpress\/limba-romana\/orar-sau-oral\">Read more &rarr;<\/a><\/p>\n","protected":false},"author":4,"featured_media":0,"comment_status":"closed","ping_status":"closed","sticky":false,"template":"","format":"standard","meta":{"footnotes":""},"categories":[96,97],"tags":[],"class_list":["post-1611","post","type-post","status-publish","format-standard","hentry","category-limba-romana","category-vorba-zilei"],"yoast_head":"<!-- This site is optimized with the Yoast SEO plugin v27.2 - https:\/\/yoast.com\/product\/yoast-seo-wordpress\/ -->\n<title>orar sau oral - Limbi Straine @ Crystal Mind<\/title>\n<meta name=\"description\" content=\"S\u0103 vorbim \u0219i s\u0103 scriem corect rom\u00e2ne\u0219te: orar sau oral\" \/>\n<meta name=\"robots\" content=\"index, follow, max-snippet:-1, max-image-preview:large, max-video-preview:-1\" \/>\n<link rel=\"canonical\" href=\"https:\/\/www.limbistraine.eu\/wordpress\/limba-romana\/orar-sau-oral\" \/>\n<meta name=\"twitter:label1\" content=\"Written by\" \/>\n\t<meta name=\"twitter:data1\" content=\"Crystalmind\" \/>\n\t<meta name=\"twitter:label2\" content=\"Est. reading time\" \/>\n\t<meta name=\"twitter:data2\" content=\"1 minute\" \/>\n<script type=\"application\/ld+json\" class=\"yoast-schema-graph\">{\"@context\":\"https:\/\/schema.org\",\"@graph\":[{\"@type\":\"Article\",\"@id\":\"https:\/\/www.limbistraine.eu\/wordpress\/limba-romana\/orar-sau-oral#article\",\"isPartOf\":{\"@id\":\"https:\/\/www.limbistraine.eu\/wordpress\/limba-romana\/orar-sau-oral\"},\"author\":{\"name\":\"Crystalmind\",\"@id\":\"https:\/\/www.limbistraine.eu\/wordpress\/#\/schema\/person\/771c6764a73d4258e2ba38b5b13e1908\"},\"headline\":\"orar sau oral\",\"datePublished\":\"2016-01-19T19:31:03+00:00\",\"mainEntityOfPage\":{\"@id\":\"https:\/\/www.limbistraine.eu\/wordpress\/limba-romana\/orar-sau-oral\"},\"wordCount\":105,\"articleSection\":[\"Limba Romana\",\"Vorba zilei\"],\"inLanguage\":\"en-US\"},{\"@type\":\"WebPage\",\"@id\":\"https:\/\/www.limbistraine.eu\/wordpress\/limba-romana\/orar-sau-oral\",\"url\":\"https:\/\/www.limbistraine.eu\/wordpress\/limba-romana\/orar-sau-oral\",\"name\":\"orar sau oral - Limbi Straine @ Crystal Mind\",\"isPartOf\":{\"@id\":\"https:\/\/www.limbistraine.eu\/wordpress\/#website\"},\"datePublished\":\"2016-01-19T19:31:03+00:00\",\"author\":{\"@id\":\"https:\/\/www.limbistraine.eu\/wordpress\/#\/schema\/person\/771c6764a73d4258e2ba38b5b13e1908\"},\"description\":\"S\u0103 vorbim \u0219i s\u0103 scriem corect rom\u00e2ne\u0219te: orar sau oral\",\"breadcrumb\":{\"@id\":\"https:\/\/www.limbistraine.eu\/wordpress\/limba-romana\/orar-sau-oral#breadcrumb\"},\"inLanguage\":\"en-US\",\"potentialAction\":[{\"@type\":\"ReadAction\",\"target\":[\"https:\/\/www.limbistraine.eu\/wordpress\/limba-romana\/orar-sau-oral\"]}]},{\"@type\":\"BreadcrumbList\",\"@id\":\"https:\/\/www.limbistraine.eu\/wordpress\/limba-romana\/orar-sau-oral#breadcrumb\",\"itemListElement\":[{\"@type\":\"ListItem\",\"position\":1,\"name\":\"Home\",\"item\":\"https:\/\/www.limbistraine.eu\/wordpress\"},{\"@type\":\"ListItem\",\"position\":2,\"name\":\"orar sau oral\"}]},{\"@type\":\"WebSite\",\"@id\":\"https:\/\/www.limbistraine.eu\/wordpress\/#website\",\"url\":\"https:\/\/www.limbistraine.eu\/wordpress\/\",\"name\":\"Limbi Straine @ Crystal Mind\",\"description\":\"Cursuri Limbi Straine, Audit Lingvistic si Traduceri\",\"potentialAction\":[{\"@type\":\"SearchAction\",\"target\":{\"@type\":\"EntryPoint\",\"urlTemplate\":\"https:\/\/www.limbistraine.eu\/wordpress\/?s={search_term_string}\"},\"query-input\":{\"@type\":\"PropertyValueSpecification\",\"valueRequired\":true,\"valueName\":\"search_term_string\"}}],\"inLanguage\":\"en-US\"},{\"@type\":\"Person\",\"@id\":\"https:\/\/www.limbistraine.eu\/wordpress\/#\/schema\/person\/771c6764a73d4258e2ba38b5b13e1908\",\"name\":\"Crystalmind\",\"image\":{\"@type\":\"ImageObject\",\"inLanguage\":\"en-US\",\"@id\":\"https:\/\/secure.gravatar.com\/avatar\/0218a7379a9a0e51095467be786b726c946bc201aa8acdd87471411865a51c82?s=96&d=mm&r=g\",\"url\":\"https:\/\/secure.gravatar.com\/avatar\/0218a7379a9a0e51095467be786b726c946bc201aa8acdd87471411865a51c82?s=96&d=mm&r=g\",\"contentUrl\":\"https:\/\/secure.gravatar.com\/avatar\/0218a7379a9a0e51095467be786b726c946bc201aa8acdd87471411865a51c82?s=96&d=mm&r=g\",\"caption\":\"Crystalmind\"},\"url\":\"https:\/\/www.limbistraine.eu\/wordpress\/author\/doina\"}]}<\/script>\n<!-- \/ Yoast SEO plugin. -->","yoast_head_json":{"title":"orar sau oral - Limbi Straine @ Crystal Mind","description":"S\u0103 vorbim \u0219i s\u0103 scriem corect rom\u00e2ne\u0219te: orar sau oral","robots":{"index":"index","follow":"follow","max-snippet":"max-snippet:-1","max-image-preview":"max-image-preview:large","max-video-preview":"max-video-preview:-1"},"canonical":"https:\/\/www.limbistraine.eu\/wordpress\/limba-romana\/orar-sau-oral","twitter_misc":{"Written by":"Crystalmind","Est. reading time":"1 minute"},"schema":{"@context":"https:\/\/schema.org","@graph":[{"@type":"Article","@id":"https:\/\/www.limbistraine.eu\/wordpress\/limba-romana\/orar-sau-oral#article","isPartOf":{"@id":"https:\/\/www.limbistraine.eu\/wordpress\/limba-romana\/orar-sau-oral"},"author":{"name":"Crystalmind","@id":"https:\/\/www.limbistraine.eu\/wordpress\/#\/schema\/person\/771c6764a73d4258e2ba38b5b13e1908"},"headline":"orar sau oral","datePublished":"2016-01-19T19:31:03+00:00","mainEntityOfPage":{"@id":"https:\/\/www.limbistraine.eu\/wordpress\/limba-romana\/orar-sau-oral"},"wordCount":105,"articleSection":["Limba Romana","Vorba zilei"],"inLanguage":"en-US"},{"@type":"WebPage","@id":"https:\/\/www.limbistraine.eu\/wordpress\/limba-romana\/orar-sau-oral","url":"https:\/\/www.limbistraine.eu\/wordpress\/limba-romana\/orar-sau-oral","name":"orar sau oral - Limbi Straine @ Crystal Mind","isPartOf":{"@id":"https:\/\/www.limbistraine.eu\/wordpress\/#website"},"datePublished":"2016-01-19T19:31:03+00:00","author":{"@id":"https:\/\/www.limbistraine.eu\/wordpress\/#\/schema\/person\/771c6764a73d4258e2ba38b5b13e1908"},"description":"S\u0103 vorbim \u0219i s\u0103 scriem corect rom\u00e2ne\u0219te: orar sau oral","breadcrumb":{"@id":"https:\/\/www.limbistraine.eu\/wordpress\/limba-romana\/orar-sau-oral#breadcrumb"},"inLanguage":"en-US","potentialAction":[{"@type":"ReadAction","target":["https:\/\/www.limbistraine.eu\/wordpress\/limba-romana\/orar-sau-oral"]}]},{"@type":"BreadcrumbList","@id":"https:\/\/www.limbistraine.eu\/wordpress\/limba-romana\/orar-sau-oral#breadcrumb","itemListElement":[{"@type":"ListItem","position":1,"name":"Home","item":"https:\/\/www.limbistraine.eu\/wordpress"},{"@type":"ListItem","position":2,"name":"orar sau oral"}]},{"@type":"WebSite","@id":"https:\/\/www.limbistraine.eu\/wordpress\/#website","url":"https:\/\/www.limbistraine.eu\/wordpress\/","name":"Limbi Straine @ Crystal Mind","description":"Cursuri Limbi Straine, Audit Lingvistic si Traduceri","potentialAction":[{"@type":"SearchAction","target":{"@type":"EntryPoint","urlTemplate":"https:\/\/www.limbistraine.eu\/wordpress\/?s={search_term_string}"},"query-input":{"@type":"PropertyValueSpecification","valueRequired":true,"valueName":"search_term_string"}}],"inLanguage":"en-US"},{"@type":"Person","@id":"https:\/\/www.limbistraine.eu\/wordpress\/#\/schema\/person\/771c6764a73d4258e2ba38b5b13e1908","name":"Crystalmind","image":{"@type":"ImageObject","inLanguage":"en-US","@id":"https:\/\/secure.gravatar.com\/avatar\/0218a7379a9a0e51095467be786b726c946bc201aa8acdd87471411865a51c82?s=96&d=mm&r=g","url":"https:\/\/secure.gravatar.com\/avatar\/0218a7379a9a0e51095467be786b726c946bc201aa8acdd87471411865a51c82?s=96&d=mm&r=g","contentUrl":"https:\/\/secure.gravatar.com\/avatar\/0218a7379a9a0e51095467be786b726c946bc201aa8acdd87471411865a51c82?s=96&d=mm&r=g","caption":"Crystalmind"},"url":"https:\/\/www.limbistraine.eu\/wordpress\/author\/doina"}]}},"_links":{"self":[{"href":"https:\/\/www.limbistraine.eu\/wordpress\/wp-json\/wp\/v2\/posts\/1611","targetHints":{"allow":["GET"]}}],"collection":[{"href":"https:\/\/www.limbistraine.eu\/wordpress\/wp-json\/wp\/v2\/posts"}],"about":[{"href":"https:\/\/www.limbistraine.eu\/wordpress\/wp-json\/wp\/v2\/types\/post"}],"author":[{"embeddable":true,"href":"https:\/\/www.limbistraine.eu\/wordpress\/wp-json\/wp\/v2\/users\/4"}],"replies":[{"embeddable":true,"href":"https:\/\/www.limbistraine.eu\/wordpress\/wp-json\/wp\/v2\/comments?post=1611"}],"version-history":[{"count":1,"href":"https:\/\/www.limbistraine.eu\/wordpress\/wp-json\/wp\/v2\/posts\/1611\/revisions"}],"predecessor-version":[{"id":1612,"href":"https:\/\/www.limbistraine.eu\/wordpress\/wp-json\/wp\/v2\/posts\/1611\/revisions\/1612"}],"wp:attachment":[{"href":"https:\/\/www.limbistraine.eu\/wordpress\/wp-json\/wp\/v2\/media?parent=1611"}],"wp:term":[{"taxonomy":"category","embeddable":true,"href":"https:\/\/www.limbistraine.eu\/wordpress\/wp-json\/wp\/v2\/categories?post=1611"},{"taxonomy":"post_tag","embeddable":true,"href":"https:\/\/www.limbistraine.eu\/wordpress\/wp-json\/wp\/v2\/tags?post=1611"}],"curies":[{"name":"wp","href":"https:\/\/api.w.org\/{rel}","templated":true}]}}