{"id":157,"date":"2014-01-06T17:38:23","date_gmt":"2014-01-06T14:38:23","guid":{"rendered":"http:\/\/www.limbistraine.eu\/wordpress\/?p=157"},"modified":"2014-01-06T17:38:23","modified_gmt":"2014-01-06T14:38:23","slug":"limba-ebraica-iudaismului-crestinismului-si-poporului-ales","status":"publish","type":"post","link":"https:\/\/www.limbistraine.eu\/wordpress\/limba-ebraica\/limba-ebraica-iudaismului-crestinismului-si-poporului-ales","title":{"rendered":"Limba ebraica a iudaismului, crestinismului si a &#8220;poporului ales&#8221;"},"content":{"rendered":"<style type=\"text\/css\"><!--\nP { margin-bottom: 0.08in; direction: ltr; color: rgb(0, 0, 0); widows: 2; orphans: 2; }P.western { font-family: \"Times New Roman\",serif; font-size: 12pt; }P.cjk { font-family: \"Times New Roman\",serif; font-size: 12pt; }P.ctl { font-family: \"Times New Roman\",serif; font-size: 12pt; }A:link { color: rgb(0, 0, 255); }\n--><\/style>\n<p lang=\"ro-RO\"><b>Ebraica \u2013 limba Vechiului Testament si a mozaicilor, a patriarhilor si a Celui care a rupt istoria in doua (inainte de si dupa Christos) si a intemeiat crestinismul \u2013 este astazi limba materna a 13,8 milioane de evrei din toata lumea, mai precis limba oficiala majoritara a statului Isarael si a marii diaspore iudaice, aproape neschimbata fa\u0163a de cea de acum 2000 de ani.<\/b><\/p>\n<p lang=\"ro-RO\"><b>si mai interesant este ca jumatate din vorbitorii de ebraica moderna nu sunt vorbitori nativi, iar vorbitorii nativi ai ebraicii moderne inva\u0163a cel pu\u0163in o limba straina. In aceasta situa\u0163ie lingvistica, ebraica moderna a imprumutat multe cuvinte din aramaica, limba idis, ladino, araba, latina, greaca, poloneza, rusa, engleza si din alte limbi. si in limba noastra exista un cuvant preluat din ebraica \u2013 draga noastra \u201ehora\u201c romaneasca&#8230;<\/b><\/p>\n<p lang=\"ro-RO\"><span style=\"color: #0000ff;\"><b>Renascuta din propria cenusa<\/b><\/span><\/p>\n<p lang=\"ro-RO\">La <a href=\"http:\/\/www.limbistraine.eu\/curs-limba-ebraica.php\">cursul de limba ebraica<\/a> pe care il organizam vei invata ca scrierea, vorbirea, stilul si structura limbii ebraice de azi folosite in car\u0163i si in mass media sunt foarte apropiate de cele folosite in Biblie. Ce este extraordinar la aceasta limba foarte veche? A fost o limba moarta timp de 1700 de ani, de la caderea Ierusalimului si inceputul diasporei evreiesti, pana in secolul al XIX-lea, cand a renascut gra\u0163ie lingvistului evreu vizionar Eliezer ben Yehudah.<\/p>\n<p lang=\"ro-RO\">Eforturilor sale de a reinvia limba stramosilor s-au concretizat in adaptarea si imboga\u0163irea vocabularului ebraic cu ajutorul limbilor straine. Datorita lui Eliezer ben Yehudah, ebraica a inceput sa fie folosita din ce in ce mai mult de evreii din jurul Palestinei, iar in 1948, cand s-a format statul Israel, a devenit limba oficiala.<\/p>\n<p lang=\"ro-RO\">In 1939, in toata lumea existau circa 16,5 milioane de evrei, insa nazistii au eliminat o treime in mai pu\u0163i de 5 ani. In prezent sunt 13,8 milioane de evrei, din care 81% traiesc in Israel si SUA.<\/p>\n<p lang=\"ro-RO\"><span style=\"color: #0000ff;\"><b>Limba Ebraica este usor de inva\u0163at, greu de pronun\u0163at<\/b><\/span><\/p>\n<p lang=\"ro-RO\">Gramatica ebraica este considerata relativ usor de inva\u0163at, insa problemele majore sunt cauzate de ortografie si pronun\u0163ie.<\/p>\n<p lang=\"ro-RO\">In alfabetul ebraic sau patrat al limbii ebraice contemporane, folosit si in aramaica si idis, fiecare dintre cele 22 de semne denota un anumit sunet, toate fiind consonante. Desi nu exista semne alfabetice care ar fi vocale, 5 dintre litere (alef, ain, iud si vav) sunt utilizate ca vocale.<\/p>\n<p lang=\"ro-RO\">Dificulta\u0163ile reale incep odata cu ortografia: scrierea literelor se face succesiv, fara sa fie legate intre ele, de la dreapta spre stanga, la fel ca in araba. Si tot la fel ca in limba islamului, nu exista majuscule sau minuscule, ci doar doua seturi de litere: de tipar si de mana.<\/p>\n<p lang=\"ro-RO\">Tot la<a href=\"http:\/\/www.limbistraine.eu\/curs-limba-ebraica.php\"> cursul de ebraica<\/a> organizat de <strong>Crystal Mind<\/strong> vei invata ca vocalele sunt inregistrate cu ajutorul vocalizarii unei serie de puncte si liniu\u0163e numite strihuri. Iar cei care studiaza un text ebraic trebuie sa stie ca in majoritatea textelor, aceasta este omisa, pentru ca nu pune probleme nativilor. In schimb, vocalizarea este obligatorie in textele religioase, in cantece, in poezii, in manualele scolare si in car\u0163ile destinate copiilor, unde se marcheaza prin strihuri plasate dedesubtul sau deasupra literei.<\/p>\n<p lang=\"ro-RO\"><span style=\"color: #0000ff;\"><b>Pu\u0163ini vorbitori, premia\u0163i, faimosi si numerosi<\/b><\/span><\/p>\n<p lang=\"ro-RO\">In privin\u0163a contribu\u0163iei evreilor la cultura universala, avem o singura intrebare cu o mare doza retorica:<\/p>\n<p lang=\"ro-RO\">Ce ar fi fizica fara Albert Einstein, psihanaliza fara Sigmund Freud, economia si politica fara Karl Marx, muzica clasica fara Gustav Mahler, Mendelssohn Bartholdy sau Yehudi Menuhin, cinematografia fara Warner Brothers, Steven Spielberg, Paul Newman sau Woody Allen, literatura fara Isac Asimov sau Arthur Miller, filosofia fara Henry Bergson, Baruch Spinoza si Jacques Derrida?<\/p>\n<p lang=\"ro-RO\">Lista cu nume celebre de evrei ar putea continua pe cateva pagini, asociate cu toate ramurile si domeniile posibile ale economiei, stiin\u0163ei, tehnologiei si artei&#8230;<\/p>\n<p lang=\"ro-RO\">Iar in privin\u0163a premiilor Nobel, lista impresionata de castigatori evrei chiar te face sa crezi ca sunt &#8220;poporul ales&#8221;. In 105 ani, evreii au castigat 180 de premii Nobel (41% din total premiilor acordate) si sunt sub 14 milioane in toata lumea (0.2% din populatia globului sau 1 la fiecare 500 de oameni) &#8230;<\/p>\n<p lang=\"ro-RO\">Vrei sa inveti si tu ebraica? Te asteptam la <a title=\"Curs Limba Ebraica\" href=\"http:\/\/www.limbistraine.eu\/curs-limba-ebraica.php\">cursul de Limba Ebraica<\/a> pe care-l organizam, sa inveti in mod organizat, intr-un cadru profesional de la profesori bine pregatiti si entuziasmati !<\/p>\n","protected":false},"excerpt":{"rendered":"<p>Ebraica \u2013 limba Vechiului Testament si a mozaicilor, a patriarhilor si a Celui care a rupt istoria in doua (inainte de si dupa Christos) si a intemeiat crestinismul \u2013 este astazi limba materna a 13,8 milioane de evrei din toata&hellip;<\/p>\n<p class=\"more-link-p\"><a class=\"more-link\" href=\"https:\/\/www.limbistraine.eu\/wordpress\/limba-ebraica\/limba-ebraica-iudaismului-crestinismului-si-poporului-ales\">Read more &rarr;<\/a><\/p>\n","protected":false},"author":1,"featured_media":158,"comment_status":"open","ping_status":"closed","sticky":false,"template":"","format":"standard","meta":{"footnotes":""},"categories":[5],"tags":[30],"class_list":["post-157","post","type-post","status-publish","format-standard","has-post-thumbnail","hentry","category-limba-ebraica","tag-limba-ebraica-2"],"yoast_head":"<!-- This site is optimized with the Yoast SEO plugin v27.2 - https:\/\/yoast.com\/product\/yoast-seo-wordpress\/ -->\n<title>Limba ebraica a iudaismului, crestinismului si a &quot;poporului ales&quot; - Limbi Straine @ Crystal Mind<\/title>\n<meta name=\"description\" content=\"Ebraica \u2013 limba Vechiului Testament, a patriarhilor si a Celui care a rupt istoria in doua (inainte de si dupa Christos) si a intemeiat crestinismul.\" \/>\n<meta name=\"robots\" content=\"index, follow, max-snippet:-1, max-image-preview:large, max-video-preview:-1\" \/>\n<link rel=\"canonical\" href=\"https:\/\/www.limbistraine.eu\/wordpress\/limba-ebraica\/limba-ebraica-iudaismului-crestinismului-si-poporului-ales\" \/>\n<meta name=\"twitter:label1\" content=\"Written by\" \/>\n\t<meta name=\"twitter:data1\" content=\"crystalmind\" \/>\n\t<meta name=\"twitter:label2\" content=\"Est. reading time\" \/>\n\t<meta name=\"twitter:data2\" content=\"3 minutes\" \/>\n<script type=\"application\/ld+json\" class=\"yoast-schema-graph\">{\"@context\":\"https:\/\/schema.org\",\"@graph\":[{\"@type\":\"Article\",\"@id\":\"https:\/\/www.limbistraine.eu\/wordpress\/limba-ebraica\/limba-ebraica-iudaismului-crestinismului-si-poporului-ales#article\",\"isPartOf\":{\"@id\":\"https:\/\/www.limbistraine.eu\/wordpress\/limba-ebraica\/limba-ebraica-iudaismului-crestinismului-si-poporului-ales\"},\"author\":{\"name\":\"crystalmind\",\"@id\":\"https:\/\/www.limbistraine.eu\/wordpress\/#\/schema\/person\/4dd25b13ccb10af4992501f638b3fde1\"},\"headline\":\"Limba ebraica a iudaismului, crestinismului si a &#8220;poporului ales&#8221;\",\"datePublished\":\"2014-01-06T14:38:23+00:00\",\"mainEntityOfPage\":{\"@id\":\"https:\/\/www.limbistraine.eu\/wordpress\/limba-ebraica\/limba-ebraica-iudaismului-crestinismului-si-poporului-ales\"},\"wordCount\":702,\"commentCount\":2,\"image\":{\"@id\":\"https:\/\/www.limbistraine.eu\/wordpress\/limba-ebraica\/limba-ebraica-iudaismului-crestinismului-si-poporului-ales#primaryimage\"},\"thumbnailUrl\":\"https:\/\/www.limbistraine.eu\/wordpress\/wp-content\/uploads\/2014\/01\/window.jpg\",\"keywords\":[\"limba ebraica\"],\"articleSection\":[\"Limba Ebraica\"],\"inLanguage\":\"en-US\",\"potentialAction\":[{\"@type\":\"CommentAction\",\"name\":\"Comment\",\"target\":[\"https:\/\/www.limbistraine.eu\/wordpress\/limba-ebraica\/limba-ebraica-iudaismului-crestinismului-si-poporului-ales#respond\"]}]},{\"@type\":\"WebPage\",\"@id\":\"https:\/\/www.limbistraine.eu\/wordpress\/limba-ebraica\/limba-ebraica-iudaismului-crestinismului-si-poporului-ales\",\"url\":\"https:\/\/www.limbistraine.eu\/wordpress\/limba-ebraica\/limba-ebraica-iudaismului-crestinismului-si-poporului-ales\",\"name\":\"Limba ebraica a iudaismului, crestinismului si a \\\"poporului ales\\\" - Limbi Straine @ Crystal Mind\",\"isPartOf\":{\"@id\":\"https:\/\/www.limbistraine.eu\/wordpress\/#website\"},\"primaryImageOfPage\":{\"@id\":\"https:\/\/www.limbistraine.eu\/wordpress\/limba-ebraica\/limba-ebraica-iudaismului-crestinismului-si-poporului-ales#primaryimage\"},\"image\":{\"@id\":\"https:\/\/www.limbistraine.eu\/wordpress\/limba-ebraica\/limba-ebraica-iudaismului-crestinismului-si-poporului-ales#primaryimage\"},\"thumbnailUrl\":\"https:\/\/www.limbistraine.eu\/wordpress\/wp-content\/uploads\/2014\/01\/window.jpg\",\"datePublished\":\"2014-01-06T14:38:23+00:00\",\"author\":{\"@id\":\"https:\/\/www.limbistraine.eu\/wordpress\/#\/schema\/person\/4dd25b13ccb10af4992501f638b3fde1\"},\"description\":\"Ebraica \u2013 limba Vechiului Testament, a patriarhilor si a Celui care a rupt istoria in doua (inainte de si dupa Christos) si a intemeiat crestinismul.\",\"breadcrumb\":{\"@id\":\"https:\/\/www.limbistraine.eu\/wordpress\/limba-ebraica\/limba-ebraica-iudaismului-crestinismului-si-poporului-ales#breadcrumb\"},\"inLanguage\":\"en-US\",\"potentialAction\":[{\"@type\":\"ReadAction\",\"target\":[\"https:\/\/www.limbistraine.eu\/wordpress\/limba-ebraica\/limba-ebraica-iudaismului-crestinismului-si-poporului-ales\"]}]},{\"@type\":\"ImageObject\",\"inLanguage\":\"en-US\",\"@id\":\"https:\/\/www.limbistraine.eu\/wordpress\/limba-ebraica\/limba-ebraica-iudaismului-crestinismului-si-poporului-ales#primaryimage\",\"url\":\"https:\/\/www.limbistraine.eu\/wordpress\/wp-content\/uploads\/2014\/01\/window.jpg\",\"contentUrl\":\"https:\/\/www.limbistraine.eu\/wordpress\/wp-content\/uploads\/2014\/01\/window.jpg\",\"width\":150,\"height\":152},{\"@type\":\"BreadcrumbList\",\"@id\":\"https:\/\/www.limbistraine.eu\/wordpress\/limba-ebraica\/limba-ebraica-iudaismului-crestinismului-si-poporului-ales#breadcrumb\",\"itemListElement\":[{\"@type\":\"ListItem\",\"position\":1,\"name\":\"Home\",\"item\":\"https:\/\/www.limbistraine.eu\/wordpress\"},{\"@type\":\"ListItem\",\"position\":2,\"name\":\"Limba ebraica a iudaismului, crestinismului si a &#8220;poporului ales&#8221;\"}]},{\"@type\":\"WebSite\",\"@id\":\"https:\/\/www.limbistraine.eu\/wordpress\/#website\",\"url\":\"https:\/\/www.limbistraine.eu\/wordpress\/\",\"name\":\"Limbi Straine @ Crystal Mind\",\"description\":\"Cursuri Limbi Straine, Audit Lingvistic si Traduceri\",\"potentialAction\":[{\"@type\":\"SearchAction\",\"target\":{\"@type\":\"EntryPoint\",\"urlTemplate\":\"https:\/\/www.limbistraine.eu\/wordpress\/?s={search_term_string}\"},\"query-input\":{\"@type\":\"PropertyValueSpecification\",\"valueRequired\":true,\"valueName\":\"search_term_string\"}}],\"inLanguage\":\"en-US\"},{\"@type\":\"Person\",\"@id\":\"https:\/\/www.limbistraine.eu\/wordpress\/#\/schema\/person\/4dd25b13ccb10af4992501f638b3fde1\",\"name\":\"crystalmind\",\"image\":{\"@type\":\"ImageObject\",\"inLanguage\":\"en-US\",\"@id\":\"https:\/\/secure.gravatar.com\/avatar\/6f157850ce7af49336dfd31fd50f14546b9c1d1367aacb56ffde97aec8cb2b6d?s=96&d=mm&r=g\",\"url\":\"https:\/\/secure.gravatar.com\/avatar\/6f157850ce7af49336dfd31fd50f14546b9c1d1367aacb56ffde97aec8cb2b6d?s=96&d=mm&r=g\",\"contentUrl\":\"https:\/\/secure.gravatar.com\/avatar\/6f157850ce7af49336dfd31fd50f14546b9c1d1367aacb56ffde97aec8cb2b6d?s=96&d=mm&r=g\",\"caption\":\"crystalmind\"},\"sameAs\":[\"http:\/\/www.limbistraine.eu\",\"https:\/\/www.facebook.com\/limbistraine.crystalmind\"],\"url\":\"https:\/\/www.limbistraine.eu\/wordpress\/author\/admin-cma01\"}]}<\/script>\n<!-- \/ Yoast SEO plugin. -->","yoast_head_json":{"title":"Limba ebraica a iudaismului, crestinismului si a \"poporului ales\" - Limbi Straine @ Crystal Mind","description":"Ebraica \u2013 limba Vechiului Testament, a patriarhilor si a Celui care a rupt istoria in doua (inainte de si dupa Christos) si a intemeiat crestinismul.","robots":{"index":"index","follow":"follow","max-snippet":"max-snippet:-1","max-image-preview":"max-image-preview:large","max-video-preview":"max-video-preview:-1"},"canonical":"https:\/\/www.limbistraine.eu\/wordpress\/limba-ebraica\/limba-ebraica-iudaismului-crestinismului-si-poporului-ales","twitter_misc":{"Written by":"crystalmind","Est. reading time":"3 minutes"},"schema":{"@context":"https:\/\/schema.org","@graph":[{"@type":"Article","@id":"https:\/\/www.limbistraine.eu\/wordpress\/limba-ebraica\/limba-ebraica-iudaismului-crestinismului-si-poporului-ales#article","isPartOf":{"@id":"https:\/\/www.limbistraine.eu\/wordpress\/limba-ebraica\/limba-ebraica-iudaismului-crestinismului-si-poporului-ales"},"author":{"name":"crystalmind","@id":"https:\/\/www.limbistraine.eu\/wordpress\/#\/schema\/person\/4dd25b13ccb10af4992501f638b3fde1"},"headline":"Limba ebraica a iudaismului, crestinismului si a &#8220;poporului ales&#8221;","datePublished":"2014-01-06T14:38:23+00:00","mainEntityOfPage":{"@id":"https:\/\/www.limbistraine.eu\/wordpress\/limba-ebraica\/limba-ebraica-iudaismului-crestinismului-si-poporului-ales"},"wordCount":702,"commentCount":2,"image":{"@id":"https:\/\/www.limbistraine.eu\/wordpress\/limba-ebraica\/limba-ebraica-iudaismului-crestinismului-si-poporului-ales#primaryimage"},"thumbnailUrl":"https:\/\/www.limbistraine.eu\/wordpress\/wp-content\/uploads\/2014\/01\/window.jpg","keywords":["limba ebraica"],"articleSection":["Limba Ebraica"],"inLanguage":"en-US","potentialAction":[{"@type":"CommentAction","name":"Comment","target":["https:\/\/www.limbistraine.eu\/wordpress\/limba-ebraica\/limba-ebraica-iudaismului-crestinismului-si-poporului-ales#respond"]}]},{"@type":"WebPage","@id":"https:\/\/www.limbistraine.eu\/wordpress\/limba-ebraica\/limba-ebraica-iudaismului-crestinismului-si-poporului-ales","url":"https:\/\/www.limbistraine.eu\/wordpress\/limba-ebraica\/limba-ebraica-iudaismului-crestinismului-si-poporului-ales","name":"Limba ebraica a iudaismului, crestinismului si a \"poporului ales\" - Limbi Straine @ Crystal Mind","isPartOf":{"@id":"https:\/\/www.limbistraine.eu\/wordpress\/#website"},"primaryImageOfPage":{"@id":"https:\/\/www.limbistraine.eu\/wordpress\/limba-ebraica\/limba-ebraica-iudaismului-crestinismului-si-poporului-ales#primaryimage"},"image":{"@id":"https:\/\/www.limbistraine.eu\/wordpress\/limba-ebraica\/limba-ebraica-iudaismului-crestinismului-si-poporului-ales#primaryimage"},"thumbnailUrl":"https:\/\/www.limbistraine.eu\/wordpress\/wp-content\/uploads\/2014\/01\/window.jpg","datePublished":"2014-01-06T14:38:23+00:00","author":{"@id":"https:\/\/www.limbistraine.eu\/wordpress\/#\/schema\/person\/4dd25b13ccb10af4992501f638b3fde1"},"description":"Ebraica \u2013 limba Vechiului Testament, a patriarhilor si a Celui care a rupt istoria in doua (inainte de si dupa Christos) si a intemeiat crestinismul.","breadcrumb":{"@id":"https:\/\/www.limbistraine.eu\/wordpress\/limba-ebraica\/limba-ebraica-iudaismului-crestinismului-si-poporului-ales#breadcrumb"},"inLanguage":"en-US","potentialAction":[{"@type":"ReadAction","target":["https:\/\/www.limbistraine.eu\/wordpress\/limba-ebraica\/limba-ebraica-iudaismului-crestinismului-si-poporului-ales"]}]},{"@type":"ImageObject","inLanguage":"en-US","@id":"https:\/\/www.limbistraine.eu\/wordpress\/limba-ebraica\/limba-ebraica-iudaismului-crestinismului-si-poporului-ales#primaryimage","url":"https:\/\/www.limbistraine.eu\/wordpress\/wp-content\/uploads\/2014\/01\/window.jpg","contentUrl":"https:\/\/www.limbistraine.eu\/wordpress\/wp-content\/uploads\/2014\/01\/window.jpg","width":150,"height":152},{"@type":"BreadcrumbList","@id":"https:\/\/www.limbistraine.eu\/wordpress\/limba-ebraica\/limba-ebraica-iudaismului-crestinismului-si-poporului-ales#breadcrumb","itemListElement":[{"@type":"ListItem","position":1,"name":"Home","item":"https:\/\/www.limbistraine.eu\/wordpress"},{"@type":"ListItem","position":2,"name":"Limba ebraica a iudaismului, crestinismului si a &#8220;poporului ales&#8221;"}]},{"@type":"WebSite","@id":"https:\/\/www.limbistraine.eu\/wordpress\/#website","url":"https:\/\/www.limbistraine.eu\/wordpress\/","name":"Limbi Straine @ Crystal Mind","description":"Cursuri Limbi Straine, Audit Lingvistic si Traduceri","potentialAction":[{"@type":"SearchAction","target":{"@type":"EntryPoint","urlTemplate":"https:\/\/www.limbistraine.eu\/wordpress\/?s={search_term_string}"},"query-input":{"@type":"PropertyValueSpecification","valueRequired":true,"valueName":"search_term_string"}}],"inLanguage":"en-US"},{"@type":"Person","@id":"https:\/\/www.limbistraine.eu\/wordpress\/#\/schema\/person\/4dd25b13ccb10af4992501f638b3fde1","name":"crystalmind","image":{"@type":"ImageObject","inLanguage":"en-US","@id":"https:\/\/secure.gravatar.com\/avatar\/6f157850ce7af49336dfd31fd50f14546b9c1d1367aacb56ffde97aec8cb2b6d?s=96&d=mm&r=g","url":"https:\/\/secure.gravatar.com\/avatar\/6f157850ce7af49336dfd31fd50f14546b9c1d1367aacb56ffde97aec8cb2b6d?s=96&d=mm&r=g","contentUrl":"https:\/\/secure.gravatar.com\/avatar\/6f157850ce7af49336dfd31fd50f14546b9c1d1367aacb56ffde97aec8cb2b6d?s=96&d=mm&r=g","caption":"crystalmind"},"sameAs":["http:\/\/www.limbistraine.eu","https:\/\/www.facebook.com\/limbistraine.crystalmind"],"url":"https:\/\/www.limbistraine.eu\/wordpress\/author\/admin-cma01"}]}},"_links":{"self":[{"href":"https:\/\/www.limbistraine.eu\/wordpress\/wp-json\/wp\/v2\/posts\/157","targetHints":{"allow":["GET"]}}],"collection":[{"href":"https:\/\/www.limbistraine.eu\/wordpress\/wp-json\/wp\/v2\/posts"}],"about":[{"href":"https:\/\/www.limbistraine.eu\/wordpress\/wp-json\/wp\/v2\/types\/post"}],"author":[{"embeddable":true,"href":"https:\/\/www.limbistraine.eu\/wordpress\/wp-json\/wp\/v2\/users\/1"}],"replies":[{"embeddable":true,"href":"https:\/\/www.limbistraine.eu\/wordpress\/wp-json\/wp\/v2\/comments?post=157"}],"version-history":[{"count":1,"href":"https:\/\/www.limbistraine.eu\/wordpress\/wp-json\/wp\/v2\/posts\/157\/revisions"}],"predecessor-version":[{"id":159,"href":"https:\/\/www.limbistraine.eu\/wordpress\/wp-json\/wp\/v2\/posts\/157\/revisions\/159"}],"wp:featuredmedia":[{"embeddable":true,"href":"https:\/\/www.limbistraine.eu\/wordpress\/wp-json\/wp\/v2\/media\/158"}],"wp:attachment":[{"href":"https:\/\/www.limbistraine.eu\/wordpress\/wp-json\/wp\/v2\/media?parent=157"}],"wp:term":[{"taxonomy":"category","embeddable":true,"href":"https:\/\/www.limbistraine.eu\/wordpress\/wp-json\/wp\/v2\/categories?post=157"},{"taxonomy":"post_tag","embeddable":true,"href":"https:\/\/www.limbistraine.eu\/wordpress\/wp-json\/wp\/v2\/tags?post=157"}],"curies":[{"name":"wp","href":"https:\/\/api.w.org\/{rel}","templated":true}]}}