{"id":142,"date":"2013-12-12T17:33:13","date_gmt":"2013-12-12T14:33:13","guid":{"rendered":"http:\/\/www.limbistraine.eu\/wordpress\/?p=142"},"modified":"2013-12-12T17:38:13","modified_gmt":"2013-12-12T14:38:13","slug":"portugheza-limba-dulce-emisferei-sudice","status":"publish","type":"post","link":"https:\/\/www.limbistraine.eu\/wordpress\/limba-portugheza\/portugheza-limba-dulce-emisferei-sudice","title":{"rendered":"Portugheza &#8211; limba dulce a emisferei sudice"},"content":{"rendered":"<style type=\"text\/css\"><!--\nP { margin-bottom: 0.08in; direction: ltr; color: rgb(0, 0, 0); widows: 2; orphans: 2; }P.western { font-family: \"Times New Roman\",serif; font-size: 12pt; }P.cjk { font-family: \"Times New Roman\",serif; font-size: 12pt; }P.ctl { font-family: \"Times New Roman\",serif; font-size: 12pt; }A:link { color: rgb(0, 0, 255); }\n--><\/style>\n<p lang=\"ro-RO\"><span style=\"color: #0000ff;\"><span style=\"font-size: large;\"><b>Limba dulce a emisferei sudice <\/b><\/span><\/span><\/p>\n<p lang=\"ro-RO\"><b>Cu 240 de milioane de vorbitori pe 5 continente, oficiala in 9 state<\/b> <b>(Portugalia, Brazilia, Angola, Mozambic, Capul Verde, Guineea-Bissau, S\u00e3o Tom\u00e9 si Pr\u00edncipe, Macau si Timor-Lorosae) si obligatorie in alte 10 (Uruguay, Argentina, Venezuela, Zambia, Congo, Senegal, Namibia, Swaziland, Coasta de Fildes si Africa de Sud)<\/b>,<b> limba despre care Cervantes spunea ca este \u201edulce\u201c ocupa locul intai in emisfera sudica. Mai mult, comunitati de imigranti portughezi se gasesc in multe dintre marile metropole ale lumii.<\/b><\/p>\n<p lang=\"ro-RO\"><span style=\"color: #0000ff;\"><b>Motive (in cifre) sa inveti portugheza la <a title=\"Curs limba portugheza\" href=\"http:\/\/www.limbistraine.eu\/curs-limba-portugheza.php\">cursul de limba portugheza<\/a> Crystal Mind<br \/>\n<\/b><\/span><\/p>\n<p lang=\"ro-RO\">Un procent covarsitor de 80% din totalul lusofonilor (peste 190 de milioane) traiesc in Brazilia, circa 22 de milioane in Mozambic, vreo 13 milioane in Angola si aproape 11 milioane in Portugalia. in plus, cercetarile recente estimeaza ca in Africa, numarul vorbitorilor de portugheza va ajunge la 90 de milioane in 2050.<\/p>\n<p lang=\"ro-RO\">Dupa numarul de vorbitori nativi, portugheza se claseaza pe locul 6 intre limbile lumii si pe primul loc in America de Sud, unde este vorbita de 186 de milioane de nativi, adica peste 50% din populatia continentului<\/p>\n<p lang=\"ro-RO\">Toate aceste cifre impresionante sunt conecinte destul de firesti ale vastului imperiu colonial si comercial portughez, a carui istorie a inceput acum 600 de ani si s-a incheiat abia in 1999.<\/p>\n<p lang=\"ro-RO\">Astfel de cifre fac din limba portugheza una dintre marile limbi de comunicare la nivel mondial, limba cu cel mai mare potential sa devina internationala in Africa, unde este deja <i>lingua franca<\/i>, si America de Sud, conform datelor UNESCO. Nu este deloc surprinzator ca portugheza ocupa la nivel mondial un onorabil loc 4 in preferintele elevilor si studentilor.<\/p>\n<p lang=\"ro-RO\"><span style=\"color: #0000ff;\"><b>Limba portugheza si surioara spaniola<\/b><\/span><\/p>\n<p lang=\"ro-RO\">Unui cunoscator de spaniola ii va fi cel mai usor sa invete portugheza, deoarece 80% din lexicul celor doua limbi este acelasi. Nu este de mirare, avand in vedere ca Spania si Portugalia au culturi similare si infuente comune de-a lungul istoriei.<\/p>\n<p lang=\"ro-RO\">Ambele tari au cunoscut o \u201eepoca de aur\u201c in perioada colonizarilor, cand exploratori din ambele tari au format noi comunitati puternice pe noul continent descoperit. Spaniolii au colonizat Argentina si Mexicul de azi, iar portughezii au intemeiat comunitati mari pe teritoriul actual al Braziliei.<\/p>\n<p lang=\"ro-RO\">Un spaniol intelege ce spune un portughez, iar reciproca este la fel de adevarata, cu toate ca exista diferente considerabile de pronuntie intre cele doua limbi, la care se adauga si diferentele de ortografiere a cuvintelor.<\/p>\n<p lang=\"ro-RO\">\u00a0<span style=\"color: #0000ff;\"><b>Inrudita cu romana, deci usor de invatat. <a title=\"Curs Limba Portugheza\" href=\"http:\/\/www.limbistraine.eu\/curs-limba-portugheza.php\">Cursul de limba portugheza<\/a> ti se va parea usor.<br \/>\n<\/b><\/span><\/p>\n<p lang=\"ro-RO\">Asemanarile structurale si lexicale cu limba noastra materna sunt un motiv in plus pentru studiul portughezei, care este o limba romanica, la fel ca si spaniola, italiana si franceza, deci invatarea instinctiva este asigurata pentru romanul nativ de substratul din latina vulgara vorbita de stramosii comuni.<\/p>\n<p lang=\"ro-RO\">Cei ce vorbesc deja franceza vor considera extrem de simple cele cateva reguli de accentuare a cuvintelor portugheze, care nu sunt nici pe departe atat de complicate ca cele ale limbii lui Voltaire. in plus, regulile de formare a pluralului si conjugarile verbelor sunt mai logice si mai usor de memorat.<\/p>\n<p lang=\"ro-RO\">Cel mai mare beneficiu al cunoasterii limbii portugheze este acela ca iti faciliteza si iti netezeste calea catre studiul celorlalte limbi de origine latina. Dupa asimilarea limbii portugheze, te poti transforma in scurt timp intr-un poliglot veritabil, pentru ca spaniola, franceza, italiana sau oricare alta limba cu substrat latin.<\/p>\n<p lang=\"ro-RO\">Iar pentru cei care au invatat in liceu ca mioriticul nostru <strong><span style=\"color: #ff6600;\">\u201edor\u201c<\/span><\/strong> este unic si fara echivalent lingvistic fidel prin limbile indo-europene, avem la final o veste surprinzatoare: cuvantul portughez<strong><span style=\"color: #ff6600;\"> \u201esaudade\u201c<\/span><\/strong> este traducerea exacta a inefabilului sentiment romanesc&#8230; dupa cum spune si<span style=\"color: #ff6600;\"> Cezara Evora &#8211; Saudate<\/span><\/p>\n<p><iframe loading=\"lazy\" src=\"\/\/www.youtube.com\/embed\/cfyqQwoFPLY\" height=\"315\" width=\"420\" allowfullscreen=\"\" frameborder=\"0\"><\/iframe><\/p>\n<p lang=\"ro-RO\">Vrei sa inveti si tu portugheza? Vino la<a title=\"Curs Limba Portugheza\" href=\"http:\/\/www.limbistraine.eu\/curs-limba-portugheza.php\"> cursul de Limba Portugheza<\/a> pe care-l organizam, sa inveti in mod organizat, intr-un cadru profesional de la traineri bine pregatiti si entuziasmati !<\/p>\n<p>&nbsp;<\/p>\n","protected":false},"excerpt":{"rendered":"<p>Limba dulce a emisferei sudice Cu 240 de milioane de vorbitori pe 5 continente, oficiala in 9 state (Portugalia, Brazilia, Angola, Mozambic, Capul Verde, Guineea-Bissau, S\u00e3o Tom\u00e9 si Pr\u00edncipe, Macau si Timor-Lorosae) si obligatorie in alte 10 (Uruguay, Argentina, Venezuela,&hellip;<\/p>\n<p class=\"more-link-p\"><a class=\"more-link\" href=\"https:\/\/www.limbistraine.eu\/wordpress\/limba-portugheza\/portugheza-limba-dulce-emisferei-sudice\">Read more &rarr;<\/a><\/p>\n","protected":false},"author":1,"featured_media":144,"comment_status":"open","ping_status":"closed","sticky":false,"template":"","format":"standard","meta":{"footnotes":""},"categories":[15],"tags":[16],"class_list":["post-142","post","type-post","status-publish","format-standard","has-post-thumbnail","hentry","category-limba-portugheza","tag-limba-portugheza-2"],"yoast_head":"<!-- This site is optimized with the Yoast SEO plugin v27.2 - https:\/\/yoast.com\/product\/yoast-seo-wordpress\/ -->\n<title>Portugheza - limba dulce a emisferei sudice - Limbi Straine @ Crystal Mind<\/title>\n<meta name=\"robots\" content=\"index, follow, max-snippet:-1, max-image-preview:large, max-video-preview:-1\" \/>\n<link rel=\"canonical\" href=\"https:\/\/www.limbistraine.eu\/wordpress\/limba-portugheza\/portugheza-limba-dulce-emisferei-sudice\" \/>\n<meta name=\"twitter:label1\" content=\"Written by\" \/>\n\t<meta name=\"twitter:data1\" content=\"crystalmind\" \/>\n\t<meta name=\"twitter:label2\" content=\"Est. reading time\" \/>\n\t<meta name=\"twitter:data2\" content=\"3 minutes\" \/>\n<script type=\"application\/ld+json\" class=\"yoast-schema-graph\">{\"@context\":\"https:\/\/schema.org\",\"@graph\":[{\"@type\":\"Article\",\"@id\":\"https:\/\/www.limbistraine.eu\/wordpress\/limba-portugheza\/portugheza-limba-dulce-emisferei-sudice#article\",\"isPartOf\":{\"@id\":\"https:\/\/www.limbistraine.eu\/wordpress\/limba-portugheza\/portugheza-limba-dulce-emisferei-sudice\"},\"author\":{\"name\":\"crystalmind\",\"@id\":\"https:\/\/www.limbistraine.eu\/wordpress\/#\/schema\/person\/4dd25b13ccb10af4992501f638b3fde1\"},\"headline\":\"Portugheza &#8211; limba dulce a emisferei sudice\",\"datePublished\":\"2013-12-12T14:33:13+00:00\",\"dateModified\":\"2013-12-12T14:38:13+00:00\",\"mainEntityOfPage\":{\"@id\":\"https:\/\/www.limbistraine.eu\/wordpress\/limba-portugheza\/portugheza-limba-dulce-emisferei-sudice\"},\"wordCount\":629,\"commentCount\":0,\"image\":{\"@id\":\"https:\/\/www.limbistraine.eu\/wordpress\/limba-portugheza\/portugheza-limba-dulce-emisferei-sudice#primaryimage\"},\"thumbnailUrl\":\"https:\/\/www.limbistraine.eu\/wordpress\/wp-content\/uploads\/2013\/12\/azulejos.jpg\",\"keywords\":[\"limba portugheza\"],\"articleSection\":[\"Limba Portugheza\"],\"inLanguage\":\"en-US\",\"potentialAction\":[{\"@type\":\"CommentAction\",\"name\":\"Comment\",\"target\":[\"https:\/\/www.limbistraine.eu\/wordpress\/limba-portugheza\/portugheza-limba-dulce-emisferei-sudice#respond\"]}]},{\"@type\":\"WebPage\",\"@id\":\"https:\/\/www.limbistraine.eu\/wordpress\/limba-portugheza\/portugheza-limba-dulce-emisferei-sudice\",\"url\":\"https:\/\/www.limbistraine.eu\/wordpress\/limba-portugheza\/portugheza-limba-dulce-emisferei-sudice\",\"name\":\"Portugheza - limba dulce a emisferei sudice - Limbi Straine @ Crystal Mind\",\"isPartOf\":{\"@id\":\"https:\/\/www.limbistraine.eu\/wordpress\/#website\"},\"primaryImageOfPage\":{\"@id\":\"https:\/\/www.limbistraine.eu\/wordpress\/limba-portugheza\/portugheza-limba-dulce-emisferei-sudice#primaryimage\"},\"image\":{\"@id\":\"https:\/\/www.limbistraine.eu\/wordpress\/limba-portugheza\/portugheza-limba-dulce-emisferei-sudice#primaryimage\"},\"thumbnailUrl\":\"https:\/\/www.limbistraine.eu\/wordpress\/wp-content\/uploads\/2013\/12\/azulejos.jpg\",\"datePublished\":\"2013-12-12T14:33:13+00:00\",\"dateModified\":\"2013-12-12T14:38:13+00:00\",\"author\":{\"@id\":\"https:\/\/www.limbistraine.eu\/wordpress\/#\/schema\/person\/4dd25b13ccb10af4992501f638b3fde1\"},\"breadcrumb\":{\"@id\":\"https:\/\/www.limbistraine.eu\/wordpress\/limba-portugheza\/portugheza-limba-dulce-emisferei-sudice#breadcrumb\"},\"inLanguage\":\"en-US\",\"potentialAction\":[{\"@type\":\"ReadAction\",\"target\":[\"https:\/\/www.limbistraine.eu\/wordpress\/limba-portugheza\/portugheza-limba-dulce-emisferei-sudice\"]}]},{\"@type\":\"ImageObject\",\"inLanguage\":\"en-US\",\"@id\":\"https:\/\/www.limbistraine.eu\/wordpress\/limba-portugheza\/portugheza-limba-dulce-emisferei-sudice#primaryimage\",\"url\":\"https:\/\/www.limbistraine.eu\/wordpress\/wp-content\/uploads\/2013\/12\/azulejos.jpg\",\"contentUrl\":\"https:\/\/www.limbistraine.eu\/wordpress\/wp-content\/uploads\/2013\/12\/azulejos.jpg\",\"width\":150,\"height\":100,\"caption\":\"Azulejos\"},{\"@type\":\"BreadcrumbList\",\"@id\":\"https:\/\/www.limbistraine.eu\/wordpress\/limba-portugheza\/portugheza-limba-dulce-emisferei-sudice#breadcrumb\",\"itemListElement\":[{\"@type\":\"ListItem\",\"position\":1,\"name\":\"Home\",\"item\":\"https:\/\/www.limbistraine.eu\/wordpress\"},{\"@type\":\"ListItem\",\"position\":2,\"name\":\"Portugheza &#8211; limba dulce a emisferei sudice\"}]},{\"@type\":\"WebSite\",\"@id\":\"https:\/\/www.limbistraine.eu\/wordpress\/#website\",\"url\":\"https:\/\/www.limbistraine.eu\/wordpress\/\",\"name\":\"Limbi Straine @ Crystal Mind\",\"description\":\"Cursuri Limbi Straine, Audit Lingvistic si Traduceri\",\"potentialAction\":[{\"@type\":\"SearchAction\",\"target\":{\"@type\":\"EntryPoint\",\"urlTemplate\":\"https:\/\/www.limbistraine.eu\/wordpress\/?s={search_term_string}\"},\"query-input\":{\"@type\":\"PropertyValueSpecification\",\"valueRequired\":true,\"valueName\":\"search_term_string\"}}],\"inLanguage\":\"en-US\"},{\"@type\":\"Person\",\"@id\":\"https:\/\/www.limbistraine.eu\/wordpress\/#\/schema\/person\/4dd25b13ccb10af4992501f638b3fde1\",\"name\":\"crystalmind\",\"image\":{\"@type\":\"ImageObject\",\"inLanguage\":\"en-US\",\"@id\":\"https:\/\/secure.gravatar.com\/avatar\/6f157850ce7af49336dfd31fd50f14546b9c1d1367aacb56ffde97aec8cb2b6d?s=96&d=mm&r=g\",\"url\":\"https:\/\/secure.gravatar.com\/avatar\/6f157850ce7af49336dfd31fd50f14546b9c1d1367aacb56ffde97aec8cb2b6d?s=96&d=mm&r=g\",\"contentUrl\":\"https:\/\/secure.gravatar.com\/avatar\/6f157850ce7af49336dfd31fd50f14546b9c1d1367aacb56ffde97aec8cb2b6d?s=96&d=mm&r=g\",\"caption\":\"crystalmind\"},\"sameAs\":[\"http:\/\/www.limbistraine.eu\",\"https:\/\/www.facebook.com\/limbistraine.crystalmind\"],\"url\":\"https:\/\/www.limbistraine.eu\/wordpress\/author\/admin-cma01\"}]}<\/script>\n<!-- \/ Yoast SEO plugin. -->","yoast_head_json":{"title":"Portugheza - limba dulce a emisferei sudice - Limbi Straine @ Crystal Mind","robots":{"index":"index","follow":"follow","max-snippet":"max-snippet:-1","max-image-preview":"max-image-preview:large","max-video-preview":"max-video-preview:-1"},"canonical":"https:\/\/www.limbistraine.eu\/wordpress\/limba-portugheza\/portugheza-limba-dulce-emisferei-sudice","twitter_misc":{"Written by":"crystalmind","Est. reading time":"3 minutes"},"schema":{"@context":"https:\/\/schema.org","@graph":[{"@type":"Article","@id":"https:\/\/www.limbistraine.eu\/wordpress\/limba-portugheza\/portugheza-limba-dulce-emisferei-sudice#article","isPartOf":{"@id":"https:\/\/www.limbistraine.eu\/wordpress\/limba-portugheza\/portugheza-limba-dulce-emisferei-sudice"},"author":{"name":"crystalmind","@id":"https:\/\/www.limbistraine.eu\/wordpress\/#\/schema\/person\/4dd25b13ccb10af4992501f638b3fde1"},"headline":"Portugheza &#8211; limba dulce a emisferei sudice","datePublished":"2013-12-12T14:33:13+00:00","dateModified":"2013-12-12T14:38:13+00:00","mainEntityOfPage":{"@id":"https:\/\/www.limbistraine.eu\/wordpress\/limba-portugheza\/portugheza-limba-dulce-emisferei-sudice"},"wordCount":629,"commentCount":0,"image":{"@id":"https:\/\/www.limbistraine.eu\/wordpress\/limba-portugheza\/portugheza-limba-dulce-emisferei-sudice#primaryimage"},"thumbnailUrl":"https:\/\/www.limbistraine.eu\/wordpress\/wp-content\/uploads\/2013\/12\/azulejos.jpg","keywords":["limba portugheza"],"articleSection":["Limba Portugheza"],"inLanguage":"en-US","potentialAction":[{"@type":"CommentAction","name":"Comment","target":["https:\/\/www.limbistraine.eu\/wordpress\/limba-portugheza\/portugheza-limba-dulce-emisferei-sudice#respond"]}]},{"@type":"WebPage","@id":"https:\/\/www.limbistraine.eu\/wordpress\/limba-portugheza\/portugheza-limba-dulce-emisferei-sudice","url":"https:\/\/www.limbistraine.eu\/wordpress\/limba-portugheza\/portugheza-limba-dulce-emisferei-sudice","name":"Portugheza - limba dulce a emisferei sudice - Limbi Straine @ Crystal Mind","isPartOf":{"@id":"https:\/\/www.limbistraine.eu\/wordpress\/#website"},"primaryImageOfPage":{"@id":"https:\/\/www.limbistraine.eu\/wordpress\/limba-portugheza\/portugheza-limba-dulce-emisferei-sudice#primaryimage"},"image":{"@id":"https:\/\/www.limbistraine.eu\/wordpress\/limba-portugheza\/portugheza-limba-dulce-emisferei-sudice#primaryimage"},"thumbnailUrl":"https:\/\/www.limbistraine.eu\/wordpress\/wp-content\/uploads\/2013\/12\/azulejos.jpg","datePublished":"2013-12-12T14:33:13+00:00","dateModified":"2013-12-12T14:38:13+00:00","author":{"@id":"https:\/\/www.limbistraine.eu\/wordpress\/#\/schema\/person\/4dd25b13ccb10af4992501f638b3fde1"},"breadcrumb":{"@id":"https:\/\/www.limbistraine.eu\/wordpress\/limba-portugheza\/portugheza-limba-dulce-emisferei-sudice#breadcrumb"},"inLanguage":"en-US","potentialAction":[{"@type":"ReadAction","target":["https:\/\/www.limbistraine.eu\/wordpress\/limba-portugheza\/portugheza-limba-dulce-emisferei-sudice"]}]},{"@type":"ImageObject","inLanguage":"en-US","@id":"https:\/\/www.limbistraine.eu\/wordpress\/limba-portugheza\/portugheza-limba-dulce-emisferei-sudice#primaryimage","url":"https:\/\/www.limbistraine.eu\/wordpress\/wp-content\/uploads\/2013\/12\/azulejos.jpg","contentUrl":"https:\/\/www.limbistraine.eu\/wordpress\/wp-content\/uploads\/2013\/12\/azulejos.jpg","width":150,"height":100,"caption":"Azulejos"},{"@type":"BreadcrumbList","@id":"https:\/\/www.limbistraine.eu\/wordpress\/limba-portugheza\/portugheza-limba-dulce-emisferei-sudice#breadcrumb","itemListElement":[{"@type":"ListItem","position":1,"name":"Home","item":"https:\/\/www.limbistraine.eu\/wordpress"},{"@type":"ListItem","position":2,"name":"Portugheza &#8211; limba dulce a emisferei sudice"}]},{"@type":"WebSite","@id":"https:\/\/www.limbistraine.eu\/wordpress\/#website","url":"https:\/\/www.limbistraine.eu\/wordpress\/","name":"Limbi Straine @ Crystal Mind","description":"Cursuri Limbi Straine, Audit Lingvistic si Traduceri","potentialAction":[{"@type":"SearchAction","target":{"@type":"EntryPoint","urlTemplate":"https:\/\/www.limbistraine.eu\/wordpress\/?s={search_term_string}"},"query-input":{"@type":"PropertyValueSpecification","valueRequired":true,"valueName":"search_term_string"}}],"inLanguage":"en-US"},{"@type":"Person","@id":"https:\/\/www.limbistraine.eu\/wordpress\/#\/schema\/person\/4dd25b13ccb10af4992501f638b3fde1","name":"crystalmind","image":{"@type":"ImageObject","inLanguage":"en-US","@id":"https:\/\/secure.gravatar.com\/avatar\/6f157850ce7af49336dfd31fd50f14546b9c1d1367aacb56ffde97aec8cb2b6d?s=96&d=mm&r=g","url":"https:\/\/secure.gravatar.com\/avatar\/6f157850ce7af49336dfd31fd50f14546b9c1d1367aacb56ffde97aec8cb2b6d?s=96&d=mm&r=g","contentUrl":"https:\/\/secure.gravatar.com\/avatar\/6f157850ce7af49336dfd31fd50f14546b9c1d1367aacb56ffde97aec8cb2b6d?s=96&d=mm&r=g","caption":"crystalmind"},"sameAs":["http:\/\/www.limbistraine.eu","https:\/\/www.facebook.com\/limbistraine.crystalmind"],"url":"https:\/\/www.limbistraine.eu\/wordpress\/author\/admin-cma01"}]}},"_links":{"self":[{"href":"https:\/\/www.limbistraine.eu\/wordpress\/wp-json\/wp\/v2\/posts\/142","targetHints":{"allow":["GET"]}}],"collection":[{"href":"https:\/\/www.limbistraine.eu\/wordpress\/wp-json\/wp\/v2\/posts"}],"about":[{"href":"https:\/\/www.limbistraine.eu\/wordpress\/wp-json\/wp\/v2\/types\/post"}],"author":[{"embeddable":true,"href":"https:\/\/www.limbistraine.eu\/wordpress\/wp-json\/wp\/v2\/users\/1"}],"replies":[{"embeddable":true,"href":"https:\/\/www.limbistraine.eu\/wordpress\/wp-json\/wp\/v2\/comments?post=142"}],"version-history":[{"count":6,"href":"https:\/\/www.limbistraine.eu\/wordpress\/wp-json\/wp\/v2\/posts\/142\/revisions"}],"predecessor-version":[{"id":146,"href":"https:\/\/www.limbistraine.eu\/wordpress\/wp-json\/wp\/v2\/posts\/142\/revisions\/146"}],"wp:featuredmedia":[{"embeddable":true,"href":"https:\/\/www.limbistraine.eu\/wordpress\/wp-json\/wp\/v2\/media\/144"}],"wp:attachment":[{"href":"https:\/\/www.limbistraine.eu\/wordpress\/wp-json\/wp\/v2\/media?parent=142"}],"wp:term":[{"taxonomy":"category","embeddable":true,"href":"https:\/\/www.limbistraine.eu\/wordpress\/wp-json\/wp\/v2\/categories?post=142"},{"taxonomy":"post_tag","embeddable":true,"href":"https:\/\/www.limbistraine.eu\/wordpress\/wp-json\/wp\/v2\/tags?post=142"}],"curies":[{"name":"wp","href":"https:\/\/api.w.org\/{rel}","templated":true}]}}